{"id":9054,"date":"2021-09-27T10:11:00","date_gmt":"2021-09-27T10:11:00","guid":{"rendered":"http:\/\/www.infoline.ci\/?p=9054"},"modified":"2021-09-27T10:43:12","modified_gmt":"2021-09-27T10:43:12","slug":"grand-bassam-la-lagune-envahit-les-maisons-et-les-rues-le-gouvernement-au-secours-des-familles-sinistrees","status":"publish","type":"post","link":"http:\/\/www.infoline.ci\/?p=9054","title":{"rendered":"Grand-Bassam \/La lagune  envahit les maisons et les rues : le gouvernement au secours des familles sinistr\u00e9es"},"content":{"rendered":"\n<p>La \u00a0population de la ville historique, Grand-Bassam vit \u00a0actuellement une situation complexe. En effet, la \u00a0lagune envahit chaque jour les maisons et les rues de Grand-Bassam.<\/p>\n\n\n\n<p>Cette crue&nbsp; de la lagune a impact\u00e9s \u00e0 ce jour cinq quartiers &nbsp;\u00e0 savoir Moossou , Odoss, Phare , Quartier France, Petit Paris. Cette situation mette en danger les riverains de ces zones cit\u00e9es.<\/p>\n\n\n\n<p>&nbsp;Dans ces quartiers (Moossou , Odoss, Phare , Quartier France, Petit Paris) inond\u00e9s les habitants vivent la peur au ventre. Certains redoutent la sortie des reptiles des mar\u00e9cages avoisinants. Ils sont expos\u00e9s \u00e0 l\u2019\u00e9lectrocution, aux pannes d\u2019\u00e9lectricit\u00e9 et sont expos\u00e9es \u00e0 d\u2019autres risques.<\/p>\n\n\n\n<p>&nbsp;Ainsi, d\u00e8s que &nbsp;le pr\u00e9sident de la R\u00e9publique&nbsp; Alassane Ouattara &nbsp;a eu l\u2019information venant de &nbsp;la cit\u00e9 baln\u00e9aire, &nbsp;il a d\u00e9p\u00each\u00e9 sur les lieux son ministre de la solidarit\u00e9 et la lutte contre la pauvret\u00e9, Myss Belmonde Dogo.<\/p>\n\n\n\n<p>Samedi 25 septembre 2021, la ministre &nbsp;est arriv\u00e9e au centre de culture Jean Baptise Mockey de Grand-Bassam les bras charg\u00e9s de vivres et de non vivres ou l\u2019attendaient de nombreuses populations sinistr\u00e9es. Dans son allocution, Myss Belmonde Dogo, a rassur\u00e9 les sinistr\u00e9s&nbsp;\u00ab&nbsp;&nbsp; Nous sommes \u00e0 vos c\u00f4t\u00e9s quel que soit les intemp\u00e9ries \u00bb a-t-elle indiqu\u00e9<\/p>\n\n\n\n<p>&nbsp;Jean Louis Moulot, maire de la ville a &nbsp;exprim\u00e9 sa gratitude envers le pr\u00e9sident de la r\u00e9publique et son gouvernement a lui-m\u00eame mis la main \u00e0 la poche \u00e0 travers un appui financier aux sinistr\u00e9s.<\/p>\n\n\n\n<p>Carlos All\u00e9luia<\/p>\n\n\n\n<figure class=\"wp-block-gallery columns-3 is-cropped wp-block-gallery-1 is-layout-flex wp-block-gallery-is-layout-flex\"><ul class=\"blocks-gallery-grid\"><li class=\"blocks-gallery-item\"><figure><img loading=\"lazy\" decoding=\"async\" width=\"720\" height=\"480\" src=\"http:\/\/www.infoline.ci\/wp-content\/uploads\/2021\/09\/FB_IMG_1632736702669.jpg\" alt=\"\" data-id=\"9056\" data-full-url=\"http:\/\/www.infoline.ci\/wp-content\/uploads\/2021\/09\/FB_IMG_1632736702669.jpg\" data-link=\"http:\/\/www.infoline.ci\/?attachment_id=9056\" class=\"wp-image-9056\" srcset=\"http:\/\/www.infoline.ci\/wp-content\/uploads\/2021\/09\/FB_IMG_1632736702669.jpg 720w, http:\/\/www.infoline.ci\/wp-content\/uploads\/2021\/09\/FB_IMG_1632736702669-300x200.jpg 300w, http:\/\/www.infoline.ci\/wp-content\/uploads\/2021\/09\/FB_IMG_1632736702669-696x464.jpg 696w, http:\/\/www.infoline.ci\/wp-content\/uploads\/2021\/09\/FB_IMG_1632736702669-630x420.jpg 630w\" sizes=\"auto, (max-width: 720px) 100vw, 720px\" \/><\/figure><\/li><li class=\"blocks-gallery-item\"><figure><img loading=\"lazy\" decoding=\"async\" width=\"720\" height=\"480\" src=\"http:\/\/www.infoline.ci\/wp-content\/uploads\/2021\/09\/FB_IMG_1632736693270.jpg\" alt=\"\" data-id=\"9057\" data-full-url=\"http:\/\/www.infoline.ci\/wp-content\/uploads\/2021\/09\/FB_IMG_1632736693270.jpg\" data-link=\"http:\/\/www.infoline.ci\/?attachment_id=9057\" class=\"wp-image-9057\" srcset=\"http:\/\/www.infoline.ci\/wp-content\/uploads\/2021\/09\/FB_IMG_1632736693270.jpg 720w, http:\/\/www.infoline.ci\/wp-content\/uploads\/2021\/09\/FB_IMG_1632736693270-300x200.jpg 300w, http:\/\/www.infoline.ci\/wp-content\/uploads\/2021\/09\/FB_IMG_1632736693270-696x464.jpg 696w, http:\/\/www.infoline.ci\/wp-content\/uploads\/2021\/09\/FB_IMG_1632736693270-630x420.jpg 630w\" sizes=\"auto, (max-width: 720px) 100vw, 720px\" \/><\/figure><\/li><li class=\"blocks-gallery-item\"><figure><img loading=\"lazy\" decoding=\"async\" width=\"720\" height=\"480\" src=\"http:\/\/www.infoline.ci\/wp-content\/uploads\/2021\/09\/FB_IMG_1632736682986.jpg\" alt=\"\" data-id=\"9058\" data-full-url=\"http:\/\/www.infoline.ci\/wp-content\/uploads\/2021\/09\/FB_IMG_1632736682986.jpg\" data-link=\"http:\/\/www.infoline.ci\/?attachment_id=9058\" class=\"wp-image-9058\" srcset=\"http:\/\/www.infoline.ci\/wp-content\/uploads\/2021\/09\/FB_IMG_1632736682986.jpg 720w, http:\/\/www.infoline.ci\/wp-content\/uploads\/2021\/09\/FB_IMG_1632736682986-300x200.jpg 300w, http:\/\/www.infoline.ci\/wp-content\/uploads\/2021\/09\/FB_IMG_1632736682986-696x464.jpg 696w, http:\/\/www.infoline.ci\/wp-content\/uploads\/2021\/09\/FB_IMG_1632736682986-630x420.jpg 630w\" sizes=\"auto, (max-width: 720px) 100vw, 720px\" \/><\/figure><\/li><\/ul><\/figure>\n","protected":false},"excerpt":{"rendered":"<p>La \u00a0population de la ville historique, Grand-Bassam vit \u00a0actuellement une situation complexe. En effet, la \u00a0lagune envahit chaque jour les maisons et les rues de Grand-Bassam. Cette crue&nbsp; de la lagune a impact\u00e9s \u00e0 ce jour cinq quartiers &nbsp;\u00e0 savoir Moossou , Odoss, Phare , Quartier France, Petit Paris. Cette situation mette en danger les [&hellip;]<\/p>\n","protected":false},"author":2,"featured_media":9055,"comment_status":"open","ping_status":"open","sticky":false,"template":"","format":"standard","meta":{"footnotes":""},"categories":[24],"tags":[],"class_list":["post-9054","post","type-post","status-publish","format-standard","has-post-thumbnail","hentry","category-societe"],"_links":{"self":[{"href":"http:\/\/www.infoline.ci\/index.php?rest_route=\/wp\/v2\/posts\/9054","targetHints":{"allow":["GET"]}}],"collection":[{"href":"http:\/\/www.infoline.ci\/index.php?rest_route=\/wp\/v2\/posts"}],"about":[{"href":"http:\/\/www.infoline.ci\/index.php?rest_route=\/wp\/v2\/types\/post"}],"author":[{"embeddable":true,"href":"http:\/\/www.infoline.ci\/index.php?rest_route=\/wp\/v2\/users\/2"}],"replies":[{"embeddable":true,"href":"http:\/\/www.infoline.ci\/index.php?rest_route=%2Fwp%2Fv2%2Fcomments&post=9054"}],"version-history":[{"count":2,"href":"http:\/\/www.infoline.ci\/index.php?rest_route=\/wp\/v2\/posts\/9054\/revisions"}],"predecessor-version":[{"id":9060,"href":"http:\/\/www.infoline.ci\/index.php?rest_route=\/wp\/v2\/posts\/9054\/revisions\/9060"}],"wp:featuredmedia":[{"embeddable":true,"href":"http:\/\/www.infoline.ci\/index.php?rest_route=\/wp\/v2\/media\/9055"}],"wp:attachment":[{"href":"http:\/\/www.infoline.ci\/index.php?rest_route=%2Fwp%2Fv2%2Fmedia&parent=9054"}],"wp:term":[{"taxonomy":"category","embeddable":true,"href":"http:\/\/www.infoline.ci\/index.php?rest_route=%2Fwp%2Fv2%2Fcategories&post=9054"},{"taxonomy":"post_tag","embeddable":true,"href":"http:\/\/www.infoline.ci\/index.php?rest_route=%2Fwp%2Fv2%2Ftags&post=9054"}],"curies":[{"name":"wp","href":"https:\/\/api.w.org\/{rel}","templated":true}]}}