{"id":776,"date":"2017-09-20T11:27:38","date_gmt":"2017-09-20T11:27:38","guid":{"rendered":"http:\/\/www.infoline.ci\/?p=776"},"modified":"2017-09-20T11:27:38","modified_gmt":"2017-09-20T11:27:38","slug":"sante-dr-bouboutou-kabore-lynda-lance-la-premiere-edition-de-pharmafrica-expo-2017","status":"publish","type":"post","link":"http:\/\/www.infoline.ci\/?p=776","title":{"rendered":"Sant\u00e9 : Dr Bouboutou Kabor\u00e9 Lynda lance la premi\u00e8re \u00e9dition de PHARMAFRICA EXPO 2017"},"content":{"rendered":"<p>En pr\u00e9lude \u00e0 la 1\u00e8re \u00e9dition de Pharmafrica expo 2017 pr\u00e9vue du 12 au 14 octobre au Sofitel H\u00f4tel Ivoire \u00e0 Abidjan autour du th\u00e8me : \u00ab les nouvelles tendances pharmaceutiques \u00bb Docteur Kabor\u00e9 Lynda a anim\u00e9 une conf\u00e9rence de presse le Jeudi 14 Septembre dernier \u00e0 La salle Balafon du Sofitel H\u00f4tel Ivoire d\u2019Abidjan.<\/p>\n<p>Selon la pr\u00e9sidente du comit\u00e9 d\u2019organisation, Dr Bouboutou \u2013 Kabor\u00e9 Lynda, concept de Cette plateforme du monde de la pharmacie et de la m\u00e9decine destin\u00e9 \u00e0 l\u2019industrie pharmaceutique a \u00e9t\u00e9 officiellement lanc\u00e9 le jeudi 15 juin dernier \u00e0 la Maison du pharmacien aux Deux-Plateaux Vallon \u00e0 Cocody \u2013 Abidjan.<\/p>\n<p>En effet cet \u00e9v\u00e9nement est n\u00e9 d\u2019un constat fait il y a trois ou quatre ans d\u2019un vide dans le domaine pharmaceutique en C\u00f4te d\u2019Ivoire, surtout que seuls quelques privil\u00e9gi\u00e9s africains ont la possibilit\u00e9 de participer \u00e0 des forums du genre \u00e0 l\u2019\u00e9tranger.<br \/>\nA en croire la conceptrice, \u00ab le projet est lanc\u00e9 en janvier, la soci\u00e9t\u00e9 cr\u00e9\u00e9e en f\u00e9vrier, l\u2019h\u00f4tel Ivoire r\u00e9serv\u00e9 et la machine lanc\u00e9e\u2026 \u00bb.<br \/>\nCe salon va r\u00e9unir des acteurs nationaux et internationaux des secteurs pharmaceutiques, parapharmaceutiques, de la m\u00e9decine moderne et de la m\u00e9decine traditionnelle. Le th\u00e8me central de ce salon est \u00ab Les nouvelles tendances pharmaceutiques \u00bb d\u00e9clin\u00e9 en quatre sous-th\u00e8mes. Evolution de la r\u00e9glementation pharmaceutique, Promotion de l&rsquo;industrie pharmaceutique, Environnement et sant\u00e9 et M\u00e9decin naturel et invention.<br \/>\nCette \u00e9dition de Pharmafrica Expo cible les pharmaciens, les m\u00e9decins, les professionnels de sant\u00e9, les \u00e9tudiants, les \u00e9coles d\u2019esth\u00e9tique, les professionnels de la beaut\u00e9 et le grand public (pour le dernier jour).<br \/>\nLe salon Pharmafrica Expo 2017 a pour objectifs, entre autres, de diffuser l\u2019innovation par des conf\u00e9rences et ateliers th\u00e9matiques sur une plateforme unique; de cr\u00e9er un environnement propice pour le lancement de nouveaux produits et pour nouer des relations d\u2019affaires entre les professionnels.<br \/>\nIl vise aussi \u00e0 servir de plateforme de d\u00e9couverte, de formation, d\u2019\u00e9changes et d\u2019actualisation des derni\u00e8res avanc\u00e9es des produits pharmaceutiques, \u00e0 cr\u00e9er un cadre propice pour la prospection des acteurs, \u00e0 permettre la veille concurrentielle des marques sur le march\u00e9, \u00e0 diffuser les proc\u00e9dures r\u00e9glementaires, \u00e0 mettre en avant les comp\u00e9tences locales, panafricaines et internationales, et \u00e0 promouvoir la coop\u00e9ration Nord-Sud et Sud-Sud.<br \/>\n\u00c9minentes personnalit\u00e9s du secteur pharmaceutique ont prit part \u00e0 cette conf\u00e9rence de presse. Le ministre Aka Ou\u00e9l\u00e9, pr\u00e9sident d&rsquo;honneur, docteur Bouboutou Kabor\u00e9 Lynda, pr\u00e9sidente du comit\u00e9 d&rsquo;organisation, docteur Assouan Chantale repr\u00e9sentant le ministre de la sant\u00e9 et de l&rsquo;hygi\u00e8ne publique Raymonde Goudou Koffi, le pr\u00e9sident de l\u2019Union nationale des pharmaciens priv\u00e9s de C\u00f4te d\u2019Ivoire, docteur Ouattara Kanigui Hyacinthe, le pr\u00e9sident du Conseil national de l\u2019Ordre des pharmaciens, docteur Boguifo Charles, le pr\u00e9sident du comit\u00e9 scientifique du salon.<br \/>\nUn peu plus de 5000 visiteurs qui sont attendus \u00e0 Pharmafrica Expo 2017 pour la promotion du monde m\u00e9dical et l&rsquo;information sur mes produits pharmaceutiques et leurs co\u00fbts.<br \/>\n.St\u00e9phane LOBOUE<\/p>\n","protected":false},"excerpt":{"rendered":"<p>En pr\u00e9lude \u00e0 la 1\u00e8re \u00e9dition de Pharmafrica expo 2017 pr\u00e9vue du 12 au 14 octobre au Sofitel H\u00f4tel Ivoire \u00e0 Abidjan autour du th\u00e8me : \u00ab les nouvelles tendances pharmaceutiques \u00bb Docteur Kabor\u00e9 Lynda a anim\u00e9 une conf\u00e9rence de presse le Jeudi 14 Septembre dernier \u00e0 La salle Balafon du Sofitel H\u00f4tel Ivoire d\u2019Abidjan. [&hellip;]<\/p>\n","protected":false},"author":2,"featured_media":777,"comment_status":"open","ping_status":"open","sticky":false,"template":"","format":"standard","meta":{"footnotes":""},"categories":[24],"tags":[],"class_list":["post-776","post","type-post","status-publish","format-standard","has-post-thumbnail","hentry","category-societe"],"_links":{"self":[{"href":"http:\/\/www.infoline.ci\/index.php?rest_route=\/wp\/v2\/posts\/776","targetHints":{"allow":["GET"]}}],"collection":[{"href":"http:\/\/www.infoline.ci\/index.php?rest_route=\/wp\/v2\/posts"}],"about":[{"href":"http:\/\/www.infoline.ci\/index.php?rest_route=\/wp\/v2\/types\/post"}],"author":[{"embeddable":true,"href":"http:\/\/www.infoline.ci\/index.php?rest_route=\/wp\/v2\/users\/2"}],"replies":[{"embeddable":true,"href":"http:\/\/www.infoline.ci\/index.php?rest_route=%2Fwp%2Fv2%2Fcomments&post=776"}],"version-history":[{"count":1,"href":"http:\/\/www.infoline.ci\/index.php?rest_route=\/wp\/v2\/posts\/776\/revisions"}],"predecessor-version":[{"id":778,"href":"http:\/\/www.infoline.ci\/index.php?rest_route=\/wp\/v2\/posts\/776\/revisions\/778"}],"wp:featuredmedia":[{"embeddable":true,"href":"http:\/\/www.infoline.ci\/index.php?rest_route=\/wp\/v2\/media\/777"}],"wp:attachment":[{"href":"http:\/\/www.infoline.ci\/index.php?rest_route=%2Fwp%2Fv2%2Fmedia&parent=776"}],"wp:term":[{"taxonomy":"category","embeddable":true,"href":"http:\/\/www.infoline.ci\/index.php?rest_route=%2Fwp%2Fv2%2Fcategories&post=776"},{"taxonomy":"post_tag","embeddable":true,"href":"http:\/\/www.infoline.ci\/index.php?rest_route=%2Fwp%2Fv2%2Ftags&post=776"}],"curies":[{"name":"wp","href":"https:\/\/api.w.org\/{rel}","templated":true}]}}