{"id":6218,"date":"2020-05-13T17:06:51","date_gmt":"2020-05-13T17:06:51","guid":{"rendered":"http:\/\/www.infoline.ci\/?p=6218"},"modified":"2020-05-13T17:07:25","modified_gmt":"2020-05-13T17:07:25","slug":"un-nouveau-gouvernement-forme-mabri-toikeusse-limoge","status":"publish","type":"post","link":"http:\/\/www.infoline.ci\/?p=6218","title":{"rendered":"un nouveau gouvernement form\u00e9 : Mabri Toikeusse limog\u00e9"},"content":{"rendered":"\n<p>COMMUNIQUE DE LA PRESIDENCE DE LA REPUBLIQUE<\/p>\n\n\n\n<p>Pr\u00e9sidence de la R\u00e9publique de C\u00f4te d&rsquo;Ivoire\u00b7Mercredi 13 mai 2020\u00b72 minutes<\/p>\n\n\n\n<p>Le Pr\u00e9sident de la R\u00e9publique, Son Excellence Monsieur Alassane OUATTARA, a proc\u00e9d\u00e9, ce mercredi 13 mai 2020, \u00e0 la signature de plusieurs d\u00e9crets de nomination.<br>Au titre du Gouvernement, sur proposition du Premier Ministre, Chef du Gouvernement, le Pr\u00e9sident de la R\u00e9publique a sign\u00e9 un d\u00e9cret portant nomination de Membres du Gouvernement.<br>Ainsi sont nomm\u00e9s :<\/p>\n\n\n\n<p>&#8211; Ministre des Affaires Etrang\u00e8res :<br>M. Ally COULIBALY<br>&#8211; \u200b Ministre de la Culture et de la Francophonie :<br>MmeRaymonde GOUDOU COFFIE<br>&#8211; \u200b Ministre charg\u00e9 des Affaires Maritimes :<br>M. Philippe Dakpa LEGRE<br>&#8211; \u200bMinistre de l&rsquo;Int\u00e9gration Africaine et des Ivoiriens de l\u2019Ext\u00e9rieur :<br>M. Albert FLINDE<br>&#8211; Ministre de l\u2019Enseignement Sup\u00e9rieur et de la Recherche Scientifique :<br>M. Adama DIAWARA<br>&#8211; Ministre de la Modernisation de l\u2019Administration et de l\u2019Innovation du Service Public :<br>M. Roger ADOM.<\/p>\n\n\n\n<p>Au titre du Conseil Sup\u00e9rieur de la Magistrature, et conform\u00e9ment \u00e0 l\u2019article 145 de la Constitution, le Pr\u00e9sident de la R\u00e9publique a proc\u00e9d\u00e9 \u00e0 la signature d\u2019un d\u00e9cret portant nomination de Madame Chantal Nanaba CAMARA, Pr\u00e9sidente de la Cour de Cassation, en qualit\u00e9 de Pr\u00e9sidente du Conseil Sup\u00e9rieur de la Magistrature, pour une dur\u00e9e de trois (03) ans.<br>Par ailleurs, sur proposition du Premier Ministre, Chef du Gouvernement, le Pr\u00e9sident de la R\u00e9publique a sign\u00e9 un d\u00e9cret portant nomination de Ministres, Gouverneurs de District Autonome.<\/p>\n\n\n\n<p>Ainsi sont nomm\u00e9s :<\/p>\n\n\n\n<p>&#8211; Ministre, Gouverneur du District Autonome d\u2019Abidjan :<br>M. Robert MAMBE BEUGRE<br>&#8211; Ministre, Gouverneur du District Autonome de Yamoussoukro<br>M. Augustin Abdoulaye THIAM HOUPHOU\u00cbT.<\/p>\n\n\n\n<p>Fait \u00e0 Abidjan, le 13 mai 2020<\/p>\n\n\n\n<p>Le Ministre, Secr\u00e9taire G\u00e9n\u00e9ral de la Pr\u00e9sidence de la R\u00e9publique :<\/p>\n\n\n\n<p>Patrick ACHI<\/p>\n\n\n\n<figure class=\"wp-block-embed-youtube wp-block-embed is-type-video is-provider-youtube wp-embed-aspect-16-9 wp-has-aspect-ratio\"><div class=\"wp-block-embed__wrapper\">\n<iframe loading=\"lazy\" title=\"De\u0301claration du Secr\u00e9taire G\u00e9n\u00e9ral de la Pr\u00e9sidence de la R\u00e9publique\" width=\"640\" height=\"360\" src=\"https:\/\/www.youtube.com\/embed\/pDMVJdD-V0A?feature=oembed\" frameborder=\"0\" allow=\"accelerometer; autoplay; clipboard-write; encrypted-media; gyroscope; picture-in-picture; web-share\" referrerpolicy=\"strict-origin-when-cross-origin\" allowfullscreen><\/iframe>\n<\/div><\/figure>\n","protected":false},"excerpt":{"rendered":"<p>COMMUNIQUE DE LA PRESIDENCE DE LA REPUBLIQUE Pr\u00e9sidence de la R\u00e9publique de C\u00f4te d&rsquo;Ivoire\u00b7Mercredi 13 mai 2020\u00b72 minutes Le Pr\u00e9sident de la R\u00e9publique, Son Excellence Monsieur Alassane OUATTARA, a proc\u00e9d\u00e9, ce mercredi 13 mai 2020, \u00e0 la signature de plusieurs d\u00e9crets de nomination.Au titre du Gouvernement, sur proposition du Premier Ministre, Chef du Gouvernement, le [&hellip;]<\/p>\n","protected":false},"author":2,"featured_media":6219,"comment_status":"closed","ping_status":"closed","sticky":false,"template":"","format":"standard","meta":{"footnotes":""},"categories":[23],"tags":[],"class_list":["post-6218","post","type-post","status-publish","format-standard","has-post-thumbnail","hentry","category-politique"],"_links":{"self":[{"href":"http:\/\/www.infoline.ci\/index.php?rest_route=\/wp\/v2\/posts\/6218","targetHints":{"allow":["GET"]}}],"collection":[{"href":"http:\/\/www.infoline.ci\/index.php?rest_route=\/wp\/v2\/posts"}],"about":[{"href":"http:\/\/www.infoline.ci\/index.php?rest_route=\/wp\/v2\/types\/post"}],"author":[{"embeddable":true,"href":"http:\/\/www.infoline.ci\/index.php?rest_route=\/wp\/v2\/users\/2"}],"replies":[{"embeddable":true,"href":"http:\/\/www.infoline.ci\/index.php?rest_route=%2Fwp%2Fv2%2Fcomments&post=6218"}],"version-history":[{"count":1,"href":"http:\/\/www.infoline.ci\/index.php?rest_route=\/wp\/v2\/posts\/6218\/revisions"}],"predecessor-version":[{"id":6220,"href":"http:\/\/www.infoline.ci\/index.php?rest_route=\/wp\/v2\/posts\/6218\/revisions\/6220"}],"wp:featuredmedia":[{"embeddable":true,"href":"http:\/\/www.infoline.ci\/index.php?rest_route=\/wp\/v2\/media\/6219"}],"wp:attachment":[{"href":"http:\/\/www.infoline.ci\/index.php?rest_route=%2Fwp%2Fv2%2Fmedia&parent=6218"}],"wp:term":[{"taxonomy":"category","embeddable":true,"href":"http:\/\/www.infoline.ci\/index.php?rest_route=%2Fwp%2Fv2%2Fcategories&post=6218"},{"taxonomy":"post_tag","embeddable":true,"href":"http:\/\/www.infoline.ci\/index.php?rest_route=%2Fwp%2Fv2%2Ftags&post=6218"}],"curies":[{"name":"wp","href":"https:\/\/api.w.org\/{rel}","templated":true}]}}