{"id":5687,"date":"2020-02-11T17:08:09","date_gmt":"2020-02-11T17:08:09","guid":{"rendered":"http:\/\/www.infoline.ci\/?p=5687"},"modified":"2020-02-12T09:54:00","modified_gmt":"2020-02-12T09:54:00","slug":"cote-divoire-ministre-et-dg-du-cepici-lincomprehensible-cumule-de-poste-de-essis-emmanuel","status":"publish","type":"post","link":"http:\/\/www.infoline.ci\/?p=5687","title":{"rendered":"C\u00f4te d\u2019Ivoire : Ministre et Dg du Cepici, l\u2019incompr\u00e9hensible cumule de poste de Essis Emmanuel !!"},"content":{"rendered":"\n<p><strong>Est-il\nadmissible que dans un pays o\u00f9 les emplois se font rares comme de la bouse de\nchat, une seule personnalit\u00e9, fut-elle crack dans son secteur de formation, accumule\ndeux tr\u00e8s hautes fonctions dans l\u2019administration publique, \u00e0 savoir, celles de\nministre et de Dg d\u2019entreprise de l\u2019\u00c9tat ? <\/strong><\/p>\n\n\n\n<p>C\u2019est bien ce \u00e0 quoi l\u2019on\nassiste \u00e0 la t\u00eate du Centre de promotion des investissements en C\u00f4te d&rsquo;Ivoire (Cepici),\ndepuis le mardi 10 juillet 2018. En effet, Emmanuel Essis Emmanuel,Directeur g\u00e9n\u00e9ral de cette structure\nde l\u2019\u00c9tat, continue d\u2019occuper cette fonction, malgr\u00e9 le fait qu\u2019il ait \u00e9t\u00e9\nnomm\u00e9 depuis le 10 juillet 2018, Secr\u00e9taire d&rsquo;\u00e9tat aupr\u00e8s du Premier ministre,\ncharg\u00e9 de la promotion de l&rsquo;investissement priv\u00e9. Un statut qui a rang de\nministre. <\/p>\n\n\n\n<p>D\u00e8s lors, de nombreuses\nlangues se d\u00e9lient pour s\u2019interroger sur le bienfond\u00e9 d\u2019un tel cumule de poste.\n\u00abFranchement, je me demande ce qui se passe. \u00catre \u00e0 la fois membre du gouvernement\net Dg d\u2019une soci\u00e9t\u00e9 de l\u2019\u00c9tat, c\u2019est incompr\u00e9hensible. On aurait dit qu\u2019il est\nle seul cadre du pays form\u00e9 dans ce secteur d\u2019activit\u00e9\u00bb, s\u2019est offusqu\u00e9 un\nobservateur qui a gard\u00e9 l\u2019anonymat. \u00abOn se souvient que SEM le Pr\u00e9sident la R\u00e9publique,\nAlassane Ouattara, avant la pr\u00e9sidentielle de 2010, condamnait le cumule de\nposte. Je suis surpris aujourd\u2019hui qu\u2019il laisse faire une telle chose dans un\npays o\u00f9 l\u2019on a tant de cadres\u00bb, a d\u00e9plor\u00e9 Sangar\u00e9 Ali, enseignant dans une\ngrande \u00e9cole de la place. &nbsp;<\/p>\n\n\n\n<p>Le hic, c\u2019est qu\u2019aucune\nexplication n\u2019a \u00e9t\u00e9 encore fournie par le gouvernement pour justifier ce cumule\nde poste qui, pour certains observateurs, se justifie difficilement. \u00abSurtout,\nqu\u2019on ne nous dise pas qu\u2019il est rest\u00e9 \u00e0 son poste parce que ses deux fonctions\nsont similaires. Alors, qu\u2019on nous dise s\u2019il per\u00e7oit un seul salaire ou deux. Comment\narrive-t-il \u00e0 administrer ces deux entit\u00e9s&nbsp;? On comprend enfin toute la\nlenteur administrative au Cepici, pour de simples papiers de constitution d\u2019entreprise\nqui, en principe, devaient se faire en deux jours. Le Pr\u00e9sident de la R\u00e9publique\net le Premier ministre doivent se pencher sur la question et nommer rapidement un\nnouveau Dg \u00e0 la t\u00eate du Cepici\u00bb, a appel\u00e9 Yao Saint-Claire, responsable d\u2019une\nPme.<\/p>\n\n\n\n<p><strong>Cyril\nAgbotom\u00e9 <\/strong><\/p>\n\n\n\n<figure class=\"wp-block-image size-large is-resized\"><img loading=\"lazy\" decoding=\"async\" src=\"http:\/\/www.infoline.ci\/wp-content\/uploads\/2020\/02\/Essis.jpg\" alt=\"\" class=\"wp-image-5688\" width=\"591\" height=\"393\"\/><\/figure>\n\n\n\n<figure class=\"wp-block-image size-large\"><img loading=\"lazy\" decoding=\"async\" width=\"275\" height=\"183\" src=\"http:\/\/www.infoline.ci\/wp-content\/uploads\/2020\/02\/Essis-1.jpg\" alt=\"\" class=\"wp-image-5691\"\/><\/figure>\n\n\n\n<figure class=\"wp-block-gallery columns-1 is-cropped wp-block-gallery-1 is-layout-flex wp-block-gallery-is-layout-flex\"><ul class=\"blocks-gallery-grid\"><li class=\"blocks-gallery-item\"><figure><img loading=\"lazy\" decoding=\"async\" width=\"275\" height=\"183\" src=\"http:\/\/www.infoline.ci\/wp-content\/uploads\/2020\/02\/Essis-2.jpg\" alt=\"\" data-id=\"5692\" data-full-url=\"http:\/\/www.infoline.ci\/wp-content\/uploads\/2020\/02\/Essis-2.jpg\" data-link=\"http:\/\/www.infoline.ci\/cote-divoire-ministre-et-dg-du-cepici-lincomprehensible-cumule-de-poste-de-essis-emmanuel\/essis-2\/\" class=\"wp-image-5692\"\/><\/figure><\/li><\/ul><\/figure>\n","protected":false},"excerpt":{"rendered":"<p>Est-il admissible que dans un pays o\u00f9 les emplois se font rares comme de la bouse de chat, une seule personnalit\u00e9, fut-elle crack dans son secteur de formation, accumule deux tr\u00e8s hautes fonctions dans l\u2019administration publique, \u00e0 savoir, celles de ministre et de Dg d\u2019entreprise de l\u2019\u00c9tat ? C\u2019est bien ce \u00e0 quoi l\u2019on assiste [&hellip;]<\/p>\n","protected":false},"author":3,"featured_media":5699,"comment_status":"closed","ping_status":"closed","sticky":false,"template":"","format":"standard","meta":{"footnotes":""},"categories":[21],"tags":[],"class_list":["post-5687","post","type-post","status-publish","format-standard","has-post-thumbnail","hentry","category-economie"],"_links":{"self":[{"href":"http:\/\/www.infoline.ci\/index.php?rest_route=\/wp\/v2\/posts\/5687","targetHints":{"allow":["GET"]}}],"collection":[{"href":"http:\/\/www.infoline.ci\/index.php?rest_route=\/wp\/v2\/posts"}],"about":[{"href":"http:\/\/www.infoline.ci\/index.php?rest_route=\/wp\/v2\/types\/post"}],"author":[{"embeddable":true,"href":"http:\/\/www.infoline.ci\/index.php?rest_route=\/wp\/v2\/users\/3"}],"replies":[{"embeddable":true,"href":"http:\/\/www.infoline.ci\/index.php?rest_route=%2Fwp%2Fv2%2Fcomments&post=5687"}],"version-history":[{"count":2,"href":"http:\/\/www.infoline.ci\/index.php?rest_route=\/wp\/v2\/posts\/5687\/revisions"}],"predecessor-version":[{"id":5693,"href":"http:\/\/www.infoline.ci\/index.php?rest_route=\/wp\/v2\/posts\/5687\/revisions\/5693"}],"wp:featuredmedia":[{"embeddable":true,"href":"http:\/\/www.infoline.ci\/index.php?rest_route=\/wp\/v2\/media\/5699"}],"wp:attachment":[{"href":"http:\/\/www.infoline.ci\/index.php?rest_route=%2Fwp%2Fv2%2Fmedia&parent=5687"}],"wp:term":[{"taxonomy":"category","embeddable":true,"href":"http:\/\/www.infoline.ci\/index.php?rest_route=%2Fwp%2Fv2%2Fcategories&post=5687"},{"taxonomy":"post_tag","embeddable":true,"href":"http:\/\/www.infoline.ci\/index.php?rest_route=%2Fwp%2Fv2%2Ftags&post=5687"}],"curies":[{"name":"wp","href":"https:\/\/api.w.org\/{rel}","templated":true}]}}