{"id":3521,"date":"2019-02-21T09:39:34","date_gmt":"2019-02-21T09:39:34","guid":{"rendered":"http:\/\/www.infoline.ci\/?p=3521"},"modified":"2019-02-21T09:39:34","modified_gmt":"2019-02-21T09:39:34","slug":"elephants-de-cote-divoire-max-gradel-se-dechaine","status":"publish","type":"post","link":"http:\/\/www.infoline.ci\/?p=3521","title":{"rendered":"\u00c9l\u00e9phants de c\u00f4te d\u2019Ivoire :  Max Gradel se d\u00e9cha\u00eene."},"content":{"rendered":"<p>Invit\u00e9 sp\u00e9cial sur CANAL+ lors de l&rsquo;\u00e9mission Talents d&rsquo;Afrique du lundi 18 f\u00e9vrier dernier le capitaine de Toulouse FC \u00e9voluant dans le championnat fran\u00e7ais ligue 1 notamment l&rsquo;un des cadres de l&rsquo;\u00e9quipe nationale ivoirienne Max Alain Gradel a dit toutes ses v\u00e9rit\u00e9s au sujet de la s\u00e9lection ivoirienne.<br \/>\nEn effet, pour celui que les ivoiriens appellent affectueusement << le tueur de lion>> l&rsquo;un des probl\u00e8mes de la s\u00e9lection ivoirienne est le fait que les joueurs \u00e9voluant dans les plus grands championnats viennent en s\u00e9lection avec le complexe de  sup\u00e9riorit\u00e9&#8230;<< Notre probl\u00e8me est que certains joueurs viennent toujours avec le m\u00eame statut qu'ils ont en club...>><br \/>\nPour lui il serait mieux que chacun d&rsquo;eux  mette son talent \u00e0 la disposition de l&rsquo;\u00e9quipe. Et cela a \u00e9t\u00e9 le cas lors des derniers matchs des \u00e9l\u00e9phants lors des phases \u00e9liminatoire de la CAN 2019 prochaine o\u00f9 la c\u00f4te d&rsquo;Ivoire est d\u00e9j\u00e0 qualifi\u00e9e. Max Gradel va pour dire << il y a des mois en arri\u00e8re o\u00f9 personne ne croyait en notre qualification pour cette comp\u00e9tition >>. Le disant , il fait allusion au moment o\u00f9 le collectif avait fait place aux exploits individuels chez les \u00e9l\u00e9phants.<br \/>\nTs\u00e9 Parfait<\/p>\n","protected":false},"excerpt":{"rendered":"<p>Invit\u00e9 sp\u00e9cial sur CANAL+ lors de l&rsquo;\u00e9mission Talents d&rsquo;Afrique du lundi 18 f\u00e9vrier dernier le capitaine de Toulouse FC \u00e9voluant dans le championnat fran\u00e7ais ligue 1 notamment l&rsquo;un des cadres de l&rsquo;\u00e9quipe nationale ivoirienne Max Alain Gradel a dit toutes ses v\u00e9rit\u00e9s au sujet de la s\u00e9lection ivoirienne. En effet, pour celui que les ivoiriens [&hellip;]<\/p>\n","protected":false},"author":2,"featured_media":3522,"comment_status":"closed","ping_status":"closed","sticky":false,"template":"","format":"standard","meta":{"footnotes":""},"categories":[28],"tags":[],"class_list":["post-3521","post","type-post","status-publish","format-standard","has-post-thumbnail","hentry","category-football"],"_links":{"self":[{"href":"http:\/\/www.infoline.ci\/index.php?rest_route=\/wp\/v2\/posts\/3521","targetHints":{"allow":["GET"]}}],"collection":[{"href":"http:\/\/www.infoline.ci\/index.php?rest_route=\/wp\/v2\/posts"}],"about":[{"href":"http:\/\/www.infoline.ci\/index.php?rest_route=\/wp\/v2\/types\/post"}],"author":[{"embeddable":true,"href":"http:\/\/www.infoline.ci\/index.php?rest_route=\/wp\/v2\/users\/2"}],"replies":[{"embeddable":true,"href":"http:\/\/www.infoline.ci\/index.php?rest_route=%2Fwp%2Fv2%2Fcomments&post=3521"}],"version-history":[{"count":1,"href":"http:\/\/www.infoline.ci\/index.php?rest_route=\/wp\/v2\/posts\/3521\/revisions"}],"predecessor-version":[{"id":3523,"href":"http:\/\/www.infoline.ci\/index.php?rest_route=\/wp\/v2\/posts\/3521\/revisions\/3523"}],"wp:featuredmedia":[{"embeddable":true,"href":"http:\/\/www.infoline.ci\/index.php?rest_route=\/wp\/v2\/media\/3522"}],"wp:attachment":[{"href":"http:\/\/www.infoline.ci\/index.php?rest_route=%2Fwp%2Fv2%2Fmedia&parent=3521"}],"wp:term":[{"taxonomy":"category","embeddable":true,"href":"http:\/\/www.infoline.ci\/index.php?rest_route=%2Fwp%2Fv2%2Fcategories&post=3521"},{"taxonomy":"post_tag","embeddable":true,"href":"http:\/\/www.infoline.ci\/index.php?rest_route=%2Fwp%2Fv2%2Ftags&post=3521"}],"curies":[{"name":"wp","href":"https:\/\/api.w.org\/{rel}","templated":true}]}}