{"id":2892,"date":"2019-01-02T11:27:27","date_gmt":"2019-01-02T11:27:27","guid":{"rendered":"http:\/\/www.infoline.ci\/?p=2892"},"modified":"2019-01-02T12:08:20","modified_gmt":"2019-01-02T12:08:20","slug":"cote-divoire-cinq-mairies-mises-sous-administration-de-delegations-speciales","status":"publish","type":"post","link":"http:\/\/www.infoline.ci\/?p=2892","title":{"rendered":"C\u00f4te d&rsquo;Ivoire : cinq mairies mises sous administration de d\u00e9l\u00e9gations sp\u00e9ciales"},"content":{"rendered":"<p>C\u00f4te d&rsquo;Ivoire : cinq mairies mises sous administration de d\u00e9l\u00e9gations sp\u00e9ciales<br \/>\nCinq mairies en C\u00f4te d&rsquo;Ivoire ont \u00e9t\u00e9 mises sous administration de d\u00e9l\u00e9gations sp\u00e9ciales depuis le 1er janvier 2019, en vue de la continuit\u00e9 du service public communal, en attendant l&rsquo;installation officielle de conseils municipaux, annonce un communiqu\u00e9 de minist\u00e8re ivoirien de l&rsquo;Int\u00e9rieur et de la s\u00e9curit\u00e9.<br \/>\nIl s\u2019agit des communes de Booko, Grand-Bassam, Plateau, Port-Bou\u00ebt  et Rubino, indique le communiqu\u00e9 qui souligne cette que mesure est prise  \u00ab conform\u00e9ment \u00e0 la r\u00e9glementation en vigueur \u00bb pour les conseils  n\u2019ayant pu \u00eatre install\u00e9s au 31 d\u00e9cembre 2018, date d\u2019expiration des  mandats des anciens conseils.<br \/>\nCes d\u00e9l\u00e9gations  sp\u00e9ciales sont pr\u00e9sid\u00e9es par les pr\u00e9fets des d\u00e9partements concern\u00e9s, \u00e0  compter du 1er janvier 2019. Et ce, \u00e0 l\u2019effet d\u2019assurer la continuit\u00e9 du  service public communal, pr\u00e9cise le texte, qui note que \u00ab ces d\u00e9l\u00e9gations sp\u00e9ciales, nomm\u00e9es, cesseront leurs activit\u00e9s d\u00e8s  l\u2019installation des nouveaux conseils municipaux \u00bb.<br \/>\nParmi  ces cinq mairies mises sous administration provisoire de d\u00e9l\u00e9gations sp\u00e9ciales, figurent deux communes de la capitale \u00e9conomique ivoirienne,  et une banlieue, respectivement les communes du Plateau, le centre des affaires d\u2019Abidjan, Port-Bou\u00ebt et la cit\u00e9 baln\u00e9aire de Grand-Bassam (&#8230;)<br \/>\nSource: APA<\/p>\n","protected":false},"excerpt":{"rendered":"<p>C\u00f4te d&rsquo;Ivoire : cinq mairies mises sous administration de d\u00e9l\u00e9gations sp\u00e9ciales Cinq mairies en C\u00f4te d&rsquo;Ivoire ont \u00e9t\u00e9 mises sous administration de d\u00e9l\u00e9gations sp\u00e9ciales depuis le 1er janvier 2019, en vue de la continuit\u00e9 du service public communal, en attendant l&rsquo;installation officielle de conseils municipaux, annonce un communiqu\u00e9 de minist\u00e8re ivoirien de l&rsquo;Int\u00e9rieur et de [&hellip;]<\/p>\n","protected":false},"author":2,"featured_media":2893,"comment_status":"closed","ping_status":"closed","sticky":false,"template":"","format":"standard","meta":{"footnotes":""},"categories":[1,23],"tags":[],"class_list":["post-2892","post","type-post","status-publish","format-standard","has-post-thumbnail","hentry","category-non-classe","category-politique"],"_links":{"self":[{"href":"http:\/\/www.infoline.ci\/index.php?rest_route=\/wp\/v2\/posts\/2892","targetHints":{"allow":["GET"]}}],"collection":[{"href":"http:\/\/www.infoline.ci\/index.php?rest_route=\/wp\/v2\/posts"}],"about":[{"href":"http:\/\/www.infoline.ci\/index.php?rest_route=\/wp\/v2\/types\/post"}],"author":[{"embeddable":true,"href":"http:\/\/www.infoline.ci\/index.php?rest_route=\/wp\/v2\/users\/2"}],"replies":[{"embeddable":true,"href":"http:\/\/www.infoline.ci\/index.php?rest_route=%2Fwp%2Fv2%2Fcomments&post=2892"}],"version-history":[{"count":1,"href":"http:\/\/www.infoline.ci\/index.php?rest_route=\/wp\/v2\/posts\/2892\/revisions"}],"predecessor-version":[{"id":2894,"href":"http:\/\/www.infoline.ci\/index.php?rest_route=\/wp\/v2\/posts\/2892\/revisions\/2894"}],"wp:featuredmedia":[{"embeddable":true,"href":"http:\/\/www.infoline.ci\/index.php?rest_route=\/wp\/v2\/media\/2893"}],"wp:attachment":[{"href":"http:\/\/www.infoline.ci\/index.php?rest_route=%2Fwp%2Fv2%2Fmedia&parent=2892"}],"wp:term":[{"taxonomy":"category","embeddable":true,"href":"http:\/\/www.infoline.ci\/index.php?rest_route=%2Fwp%2Fv2%2Fcategories&post=2892"},{"taxonomy":"post_tag","embeddable":true,"href":"http:\/\/www.infoline.ci\/index.php?rest_route=%2Fwp%2Fv2%2Ftags&post=2892"}],"curies":[{"name":"wp","href":"https:\/\/api.w.org\/{rel}","templated":true}]}}