{"id":16902,"date":"2025-08-05T17:07:05","date_gmt":"2025-08-05T17:07:05","guid":{"rendered":"https:\/\/www.infoline.ci\/?p=16902"},"modified":"2025-08-06T15:05:55","modified_gmt":"2025-08-06T15:05:55","slug":"yango-group-choisit-abidjan-comme-moteur-de-sa-strategie-numerique-panafricaine","status":"publish","type":"post","link":"http:\/\/www.infoline.ci\/?p=16902","title":{"rendered":"Yango Group choisit Abidjan comme moteur de sa strat\u00e9gie num\u00e9rique panafricaine"},"content":{"rendered":"\n<p>Abidjan, C\u00f4te d\u2019Ivoire \u2013 24 juillet 2025 Dans un contexte o\u00f9 la transformation num\u00e9rique et la cr\u00e9ation d\u2019opportunit\u00e9s \u00e9conomiques sont des priorit\u00e9s r\u00e9gionales, Yango Group franchit une nouvelle \u00e9tape d\u00e9cisive en inaugurant son hub r\u00e9gional africain \u00e0 Abidjan. Cette initiative strat\u00e9gique vise \u00e0 renforcer l\u2019ancrage du groupe sur le continent et \u00e0 acc\u00e9l\u00e9rer le d\u00e9ploiement de ses services dans des march\u00e9s cl\u00e9s comme la C\u00f4te d\u2019Ivoire et le S\u00e9n\u00e9gal.<\/p>\n\n\n\n<p>Une expansion port\u00e9e par le succ\u00e8s s\u00e9n\u00e9galais<\/p>\n\n\n\n<p>Fort d\u2019une adoption rapide et d\u2019une croissance remarquable au S\u00e9n\u00e9gal, Yango Group capitalise sur cette dynamique pour \u00e9tendre son empreinte africaine. Le choix d\u2019Abidjan comme centre n\u00e9vralgique de ses op\u00e9rations continentales refl\u00e8te une volont\u00e9 affirm\u00e9e : d\u00e9velopper des \u00e9cosyst\u00e8mes num\u00e9riques inclusifs, adapt\u00e9s aux r\u00e9alit\u00e9s locales, et stimuler l\u2019entrepreneuriat technologique.<\/p>\n\n\n\n<p>&nbsp;Un hub pour l\u2019innovation locale<\/p>\n\n\n\n<p>Install\u00e9 au sein de l\u2019Ivoire Trade Center, le nouveau bureau r\u00e9gional d\u2019Abidjan regroupe d\u00e9j\u00e0 pr\u00e8s de 200 collaborateurs et pr\u00e9voit une mont\u00e9e en puissance des effectifs dans les mois \u00e0 venir.<\/p>\n\n\n\n<p>Ce hub servira de plateforme de coordination pour les activit\u00e9s du groupe dans plus de 16 pays africains, avec une offre int\u00e9gr\u00e9e de services num\u00e9riques via sa Super App : mobilit\u00e9, livraison, e-commerce, navigation et paiements digitaux.<\/p>\n\n\n\n<p>&nbsp;Le programme Yango Fellowship : catalyseur de talents num\u00e9riques<\/p>\n\n\n\n<p>Parall\u00e8lement \u00e0 cette expansion, Yango Group annonce l\u2019extension panafricaine de son programme Yango Fellowship, d\u00e9j\u00e0 actif en C\u00f4te d\u2019Ivoire et en Zambie.<\/p>\n\n\n\n<p> Ce programme vise \u00e0 former des centaines de milliers de jeunes aux comp\u00e9tences num\u00e9riques d\u2019avenir, en partenariat avec la Fondation Internationale Benianh. Abidjan devient ainsi le centre r\u00e9gional de coordination et de formation, avec des bourses, du mentorat et des ateliers de d\u00e9veloppement professionnel \u00e0 la cl\u00e9.<\/p>\n\n\n\n<p>\u00ab En investissant dans les talents locaux, nous posons les fondations d\u2019un \u00e9cosyst\u00e8me num\u00e9rique autosuffisant en Afrique \u00bb, d\u00e9clare Daniil Shuleyko, PDG de Yango Group.<\/p>\n\n\n\n<p>Une vision panafricaine de la technologie<\/p>\n\n\n\n<p>Yango Group ne se contente pas de fournir des services technologiques. L\u2019entreprise s\u2019engage \u00e0 structurer des cha\u00eenes de valeur locales, \u00e0 soutenir les petites entreprises et \u00e0 favoriser l\u2019inclusion num\u00e9rique. En misant sur une approche hyperlocale et des partenariats durables, le groupe entend faire de la C\u00f4te d\u2019Ivoire une vitrine de l\u2019innovation africaine, capable d\u2019inspirer des mod\u00e8les exportables \u00e0 l\u2019\u00e9chelle mondiale.<\/p>\n\n\n\n<p>Avec cette implantation strat\u00e9gique \u00e0 Abidjan, Yango Group confirme son r\u00f4le de leader engag\u00e9 dans la transformation num\u00e9rique du continent, et trace les contours d\u2019un avenir technologique inclusif, port\u00e9 par les talents africains.<\/p>\n\n\n\n<p>Kon\u00e9 Yaya<\/p>\n\n\n\n<p><\/p>\n\n\n\n<figure class=\"wp-block-gallery has-nested-images columns-default is-cropped wp-block-gallery-1 is-layout-flex wp-block-gallery-is-layout-flex\">\n<figure class=\"wp-block-image size-large\"><img loading=\"lazy\" decoding=\"async\" width=\"1024\" height=\"683\" data-id=\"16904\" src=\"https:\/\/www.infoline.ci\/wp-content\/uploads\/2025\/08\/CP-Regional-French-2-1024x683.jpg\" alt=\"\" class=\"wp-image-16904\" srcset=\"http:\/\/www.infoline.ci\/wp-content\/uploads\/2025\/08\/CP-Regional-French-2-1024x683.jpg 1024w, http:\/\/www.infoline.ci\/wp-content\/uploads\/2025\/08\/CP-Regional-French-2-300x200.jpg 300w, http:\/\/www.infoline.ci\/wp-content\/uploads\/2025\/08\/CP-Regional-French-2-768x512.jpg 768w, http:\/\/www.infoline.ci\/wp-content\/uploads\/2025\/08\/CP-Regional-French-2-1536x1024.jpg 1536w, http:\/\/www.infoline.ci\/wp-content\/uploads\/2025\/08\/CP-Regional-French-2-2048x1365.jpg 2048w, http:\/\/www.infoline.ci\/wp-content\/uploads\/2025\/08\/CP-Regional-French-2-696x464.jpg 696w, http:\/\/www.infoline.ci\/wp-content\/uploads\/2025\/08\/CP-Regional-French-2-1068x712.jpg 1068w, http:\/\/www.infoline.ci\/wp-content\/uploads\/2025\/08\/CP-Regional-French-2-630x420.jpg 630w\" sizes=\"auto, (max-width: 1024px) 100vw, 1024px\" \/><\/figure>\n<\/figure>\n","protected":false},"excerpt":{"rendered":"<p>Abidjan, C\u00f4te d\u2019Ivoire \u2013 24 juillet 2025 Dans un contexte o\u00f9 la transformation num\u00e9rique et la cr\u00e9ation d\u2019opportunit\u00e9s \u00e9conomiques sont des priorit\u00e9s r\u00e9gionales, Yango Group franchit une nouvelle \u00e9tape d\u00e9cisive en inaugurant son hub r\u00e9gional africain \u00e0 Abidjan. Cette initiative strat\u00e9gique vise \u00e0 renforcer l\u2019ancrage du groupe sur le continent et \u00e0 acc\u00e9l\u00e9rer le d\u00e9ploiement [&hellip;]<\/p>\n","protected":false},"author":2,"featured_media":16903,"comment_status":"open","ping_status":"open","sticky":false,"template":"","format":"standard","meta":{"footnotes":""},"categories":[21],"tags":[],"class_list":["post-16902","post","type-post","status-publish","format-standard","has-post-thumbnail","hentry","category-economie"],"_links":{"self":[{"href":"http:\/\/www.infoline.ci\/index.php?rest_route=\/wp\/v2\/posts\/16902","targetHints":{"allow":["GET"]}}],"collection":[{"href":"http:\/\/www.infoline.ci\/index.php?rest_route=\/wp\/v2\/posts"}],"about":[{"href":"http:\/\/www.infoline.ci\/index.php?rest_route=\/wp\/v2\/types\/post"}],"author":[{"embeddable":true,"href":"http:\/\/www.infoline.ci\/index.php?rest_route=\/wp\/v2\/users\/2"}],"replies":[{"embeddable":true,"href":"http:\/\/www.infoline.ci\/index.php?rest_route=%2Fwp%2Fv2%2Fcomments&post=16902"}],"version-history":[{"count":3,"href":"http:\/\/www.infoline.ci\/index.php?rest_route=\/wp\/v2\/posts\/16902\/revisions"}],"predecessor-version":[{"id":16914,"href":"http:\/\/www.infoline.ci\/index.php?rest_route=\/wp\/v2\/posts\/16902\/revisions\/16914"}],"wp:featuredmedia":[{"embeddable":true,"href":"http:\/\/www.infoline.ci\/index.php?rest_route=\/wp\/v2\/media\/16903"}],"wp:attachment":[{"href":"http:\/\/www.infoline.ci\/index.php?rest_route=%2Fwp%2Fv2%2Fmedia&parent=16902"}],"wp:term":[{"taxonomy":"category","embeddable":true,"href":"http:\/\/www.infoline.ci\/index.php?rest_route=%2Fwp%2Fv2%2Fcategories&post=16902"},{"taxonomy":"post_tag","embeddable":true,"href":"http:\/\/www.infoline.ci\/index.php?rest_route=%2Fwp%2Fv2%2Ftags&post=16902"}],"curies":[{"name":"wp","href":"https:\/\/api.w.org\/{rel}","templated":true}]}}