{"id":16784,"date":"2025-07-17T14:13:24","date_gmt":"2025-07-17T14:13:24","guid":{"rendered":"https:\/\/www.infoline.ci\/?p=16784"},"modified":"2025-07-17T14:13:27","modified_gmt":"2025-07-17T14:13:27","slug":"cote-divoire-un-bus-de-la-sotra-quitte-sa-trajectoire-a-la-riviera-mbadon","status":"publish","type":"post","link":"http:\/\/www.infoline.ci\/?p=16784","title":{"rendered":"C\u00f4te d&rsquo;Ivoire : un bus de la Sotra quitte sa trajectoire \u00e0 la Riviera M&rsquo;Badon"},"content":{"rendered":"\n<p>Ce jeudi matin, un bus de la SOTRA a quitt\u00e9 sa trajectoire \u00e0 Cocody Riviera M\u2019Badon, provoquant un choc brutal et des d\u00e9g\u00e2ts mat\u00e9riels consid\u00e9rables. Si les circonstances exactes restent \u00e0 \u00e9claircir, cet incident ravive une inqui\u00e9tude persistante : celle de la s\u00e9curit\u00e9 routi\u00e8re dans nos grandes agglom\u00e9rations.<\/p>\n\n\n\n<p>\ud83d\udd0d Un accident de trop ?<br>Les premiers t\u00e9moignages \u00e9voquent une man\u0153uvre d\u2019\u00e9vitement qui aurait mal tourn\u00e9, rappelant tragiquement l\u2019accident du 26 d\u00e9cembre 2024 au Plateau, o\u00f9 un bus SOTRA avait chut\u00e9 dans une excavation, causant un d\u00e9c\u00e8s et plusieurs bless\u00e9s. Ces drames ne sont pas des fatalit\u00e9s : ils sont les sympt\u00f4mes d\u2019un syst\u00e8me routier sous tension, o\u00f9 l\u2019incivisme, le manque de signalisation et l\u2019\u00e9tat des infrastructures se conjuguent dangereusement.<\/p>\n\n\n\n<p>\ud83d\udea6 Responsabilit\u00e9 partag\u00e9e<br>Conducteurs, pi\u00e9tons, autorit\u00e9s : chacun a un r\u00f4le \u00e0 jouer. Le respect du code de la route, la vigilance en zone urbaine et la maintenance des v\u00e9hicules ne sont pas des options. Ils sont des imp\u00e9ratifs pour pr\u00e9server des vies.<\/p>\n\n\n\n<p>\ud83d\udd4a\ufe0f Et maintenant ?<br>Au-del\u00e0 des chiffres et des bilans, chaque accident est une histoire humaine. Une famille qui s\u2019inqui\u00e8te, des bless\u00e9s \u00e0 soigner, une communaut\u00e9 en \u00e9moi. Il est temps que les routes cessent d\u2019\u00eatre des lieux de trag\u00e9die pour redevenir des vecteurs de mobilit\u00e9 et de progr\u00e8s.<\/p>\n\n\n\n<p>\ud83d\udce3 Appel \u00e0 l\u2019action<br>Que cet accident soit un \u00e9lectrochoc. Que les autorit\u00e9s renforcent les contr\u00f4les, que les citoyens redoublent de prudence, et que les m\u00e9dias continuent de porter la voix des victimes. Car derri\u00e8re chaque carambolage, il y a un cri silencieux que nous ne devons plus ignorer.<\/p>\n\n\n\n<p>Carlos  All\u00e9luia<\/p>\n\n\n\n<figure class=\"wp-block-gallery has-nested-images columns-default is-cropped wp-block-gallery-1 is-layout-flex wp-block-gallery-is-layout-flex\">\n<figure class=\"wp-block-image size-large\"><img loading=\"lazy\" decoding=\"async\" width=\"718\" height=\"445\" data-id=\"16786\" src=\"https:\/\/www.infoline.ci\/wp-content\/uploads\/2025\/07\/1000024386.jpg\" alt=\"\" class=\"wp-image-16786\" srcset=\"http:\/\/www.infoline.ci\/wp-content\/uploads\/2025\/07\/1000024386.jpg 718w, http:\/\/www.infoline.ci\/wp-content\/uploads\/2025\/07\/1000024386-300x186.jpg 300w, http:\/\/www.infoline.ci\/wp-content\/uploads\/2025\/07\/1000024386-356x220.jpg 356w, http:\/\/www.infoline.ci\/wp-content\/uploads\/2025\/07\/1000024386-696x431.jpg 696w, http:\/\/www.infoline.ci\/wp-content\/uploads\/2025\/07\/1000024386-678x420.jpg 678w\" sizes=\"auto, (max-width: 718px) 100vw, 718px\" \/><\/figure>\n\n\n\n<figure class=\"wp-block-image size-large\"><img loading=\"lazy\" decoding=\"async\" width=\"718\" height=\"445\" data-id=\"16787\" src=\"https:\/\/www.infoline.ci\/wp-content\/uploads\/2025\/07\/1000024385.jpg\" alt=\"\" class=\"wp-image-16787\" srcset=\"http:\/\/www.infoline.ci\/wp-content\/uploads\/2025\/07\/1000024385.jpg 718w, http:\/\/www.infoline.ci\/wp-content\/uploads\/2025\/07\/1000024385-300x186.jpg 300w, http:\/\/www.infoline.ci\/wp-content\/uploads\/2025\/07\/1000024385-356x220.jpg 356w, http:\/\/www.infoline.ci\/wp-content\/uploads\/2025\/07\/1000024385-696x431.jpg 696w, http:\/\/www.infoline.ci\/wp-content\/uploads\/2025\/07\/1000024385-678x420.jpg 678w\" sizes=\"auto, (max-width: 718px) 100vw, 718px\" \/><\/figure>\n<\/figure>\n","protected":false},"excerpt":{"rendered":"<p>Ce jeudi matin, un bus de la SOTRA a quitt\u00e9 sa trajectoire \u00e0 Cocody Riviera M\u2019Badon, provoquant un choc brutal et des d\u00e9g\u00e2ts mat\u00e9riels consid\u00e9rables. Si les circonstances exactes restent \u00e0 \u00e9claircir, cet incident ravive une inqui\u00e9tude persistante : celle de la s\u00e9curit\u00e9 routi\u00e8re dans nos grandes agglom\u00e9rations. \ud83d\udd0d Un accident de trop ?Les premiers [&hellip;]<\/p>\n","protected":false},"author":2,"featured_media":16785,"comment_status":"open","ping_status":"open","sticky":false,"template":"","format":"standard","meta":{"footnotes":""},"categories":[22],"tags":[],"class_list":["post-16784","post","type-post","status-publish","format-standard","has-post-thumbnail","hentry","category-faits-divers"],"_links":{"self":[{"href":"http:\/\/www.infoline.ci\/index.php?rest_route=\/wp\/v2\/posts\/16784","targetHints":{"allow":["GET"]}}],"collection":[{"href":"http:\/\/www.infoline.ci\/index.php?rest_route=\/wp\/v2\/posts"}],"about":[{"href":"http:\/\/www.infoline.ci\/index.php?rest_route=\/wp\/v2\/types\/post"}],"author":[{"embeddable":true,"href":"http:\/\/www.infoline.ci\/index.php?rest_route=\/wp\/v2\/users\/2"}],"replies":[{"embeddable":true,"href":"http:\/\/www.infoline.ci\/index.php?rest_route=%2Fwp%2Fv2%2Fcomments&post=16784"}],"version-history":[{"count":1,"href":"http:\/\/www.infoline.ci\/index.php?rest_route=\/wp\/v2\/posts\/16784\/revisions"}],"predecessor-version":[{"id":16788,"href":"http:\/\/www.infoline.ci\/index.php?rest_route=\/wp\/v2\/posts\/16784\/revisions\/16788"}],"wp:featuredmedia":[{"embeddable":true,"href":"http:\/\/www.infoline.ci\/index.php?rest_route=\/wp\/v2\/media\/16785"}],"wp:attachment":[{"href":"http:\/\/www.infoline.ci\/index.php?rest_route=%2Fwp%2Fv2%2Fmedia&parent=16784"}],"wp:term":[{"taxonomy":"category","embeddable":true,"href":"http:\/\/www.infoline.ci\/index.php?rest_route=%2Fwp%2Fv2%2Fcategories&post=16784"},{"taxonomy":"post_tag","embeddable":true,"href":"http:\/\/www.infoline.ci\/index.php?rest_route=%2Fwp%2Fv2%2Ftags&post=16784"}],"curies":[{"name":"wp","href":"https:\/\/api.w.org\/{rel}","templated":true}]}}