{"id":16075,"date":"2025-04-21T18:57:44","date_gmt":"2025-04-21T18:57:44","guid":{"rendered":"https:\/\/www.infoline.ci\/?p=16075"},"modified":"2025-04-21T18:57:47","modified_gmt":"2025-04-21T18:57:47","slug":"deces-du-pape-francois-un-leader-spirituel-et-humanitaire-seteint-a-lage-de-88-ans","status":"publish","type":"post","link":"http:\/\/www.infoline.ci\/?p=16075","title":{"rendered":"D\u00e9c\u00e8s du Pape Fran\u00e7ois : Un Leader Spirituel et Humanitaire s\u2019\u00e9teint \u00e0 l\u2019\u00e2ge de 88 ans"},"content":{"rendered":"\n<p>Ce lundi 21 avril 2025, le Vatican a annonc\u00e9 la disparition tragique de Sa Saintet\u00e9 le Pape Fran\u00e7ois, d\u00e9c\u00e9d\u00e9 \u00e0 l\u2019\u00e2ge de 88 ans des suites d\u2019un accident vasculaire c\u00e9r\u00e9bral. <\/p>\n\n\n\n<p>Ce d\u00e9c\u00e8s marque la fin d\u2019une \u00e9poque marqu\u00e9e par son engagement profond envers les valeurs de compassion, de justice sociale et d\u2019unit\u00e9.<\/p>\n\n\n\n<p>Le Pape Fran\u00e7ois, n\u00e9 Jorge Mario Bergoglio \u00e0 Buenos Aires en Argentine, avait pris ses fonctions en mars 2013, devenant le premier pontife issu du continent sud-am\u00e9ricain.<\/p>\n\n\n\n<p> Reconnu pour son approche humble et pragmatique, il s\u2019est d\u00e9marqu\u00e9 par ses efforts pour rapprocher l\u2019\u00c9glise catholique des d\u00e9fis contemporains, notamment la lutte contre la pauvret\u00e9, la sauvegarde de l\u2019environnement et la d\u00e9fense des droits des plus vuln\u00e9rables.<\/p>\n\n\n\n<p>Au cours de son pontificat, il a appel\u00e9 \u00e0 une \u00c9glise \u00ab en sortie \u00bb, proche des r\u00e9alit\u00e9s du monde. <\/p>\n\n\n\n<p>Son encyclique \u00ab Laudato Si \u00bb a marqu\u00e9 un tournant dans la r\u00e9flexion religieuse sur la crise \u00e9cologique, tandis que son soutien aux r\u00e9fugi\u00e9s et aux minorit\u00e9s opprim\u00e9es a fait de lui une figure respect\u00e9e bien au-del\u00e0 des cercles catholiques.<\/p>\n\n\n\n<p>L\u2019annonce de sa disparition a suscit\u00e9 une vague d\u2019\u00e9motion dans le monde entier. Des dirigeants politiques, religieux et des citoyens de toutes confessions rendent hommage \u00e0 cet homme dont la foi et les actions ont touch\u00e9 le c\u0153ur de millions de personnes.<\/p>\n\n\n\n<p>Le Vatican pr\u00e9voit des c\u00e9r\u00e9monies pour honorer sa m\u00e9moire dans les jours \u00e0 venir. Alors que l\u2019\u00c9glise se pr\u00e9pare \u00e0 \u00e9lire son successeur, la m\u00e9moire du Pape Fran\u00e7ois restera grav\u00e9e dans l\u2019histoire comme celle d\u2019un guide spirituel qui a incarn\u00e9 les valeurs de fraternit\u00e9 et d\u2019espoir dans un monde souvent divis\u00e9.<\/p>\n\n\n\n<p>Carlos All\u00e9luia <\/p>\n\n\n\n<p><\/p>\n","protected":false},"excerpt":{"rendered":"<p>Ce lundi 21 avril 2025, le Vatican a annonc\u00e9 la disparition tragique de Sa Saintet\u00e9 le Pape Fran\u00e7ois, d\u00e9c\u00e9d\u00e9 \u00e0 l\u2019\u00e2ge de 88 ans des suites d\u2019un accident vasculaire c\u00e9r\u00e9bral. Ce d\u00e9c\u00e8s marque la fin d\u2019une \u00e9poque marqu\u00e9e par son engagement profond envers les valeurs de compassion, de justice sociale et d\u2019unit\u00e9. Le Pape Fran\u00e7ois, [&hellip;]<\/p>\n","protected":false},"author":2,"featured_media":16076,"comment_status":"open","ping_status":"open","sticky":false,"template":"","format":"standard","meta":{"footnotes":""},"categories":[33],"tags":[],"class_list":["post-16075","post","type-post","status-publish","format-standard","has-post-thumbnail","hentry","category-religion"],"_links":{"self":[{"href":"http:\/\/www.infoline.ci\/index.php?rest_route=\/wp\/v2\/posts\/16075","targetHints":{"allow":["GET"]}}],"collection":[{"href":"http:\/\/www.infoline.ci\/index.php?rest_route=\/wp\/v2\/posts"}],"about":[{"href":"http:\/\/www.infoline.ci\/index.php?rest_route=\/wp\/v2\/types\/post"}],"author":[{"embeddable":true,"href":"http:\/\/www.infoline.ci\/index.php?rest_route=\/wp\/v2\/users\/2"}],"replies":[{"embeddable":true,"href":"http:\/\/www.infoline.ci\/index.php?rest_route=%2Fwp%2Fv2%2Fcomments&post=16075"}],"version-history":[{"count":1,"href":"http:\/\/www.infoline.ci\/index.php?rest_route=\/wp\/v2\/posts\/16075\/revisions"}],"predecessor-version":[{"id":16077,"href":"http:\/\/www.infoline.ci\/index.php?rest_route=\/wp\/v2\/posts\/16075\/revisions\/16077"}],"wp:featuredmedia":[{"embeddable":true,"href":"http:\/\/www.infoline.ci\/index.php?rest_route=\/wp\/v2\/media\/16076"}],"wp:attachment":[{"href":"http:\/\/www.infoline.ci\/index.php?rest_route=%2Fwp%2Fv2%2Fmedia&parent=16075"}],"wp:term":[{"taxonomy":"category","embeddable":true,"href":"http:\/\/www.infoline.ci\/index.php?rest_route=%2Fwp%2Fv2%2Fcategories&post=16075"},{"taxonomy":"post_tag","embeddable":true,"href":"http:\/\/www.infoline.ci\/index.php?rest_route=%2Fwp%2Fv2%2Ftags&post=16075"}],"curies":[{"name":"wp","href":"https:\/\/api.w.org\/{rel}","templated":true}]}}