{"id":16008,"date":"2025-04-09T20:49:37","date_gmt":"2025-04-09T20:49:37","guid":{"rendered":"https:\/\/www.infoline.ci\/?p=16008"},"modified":"2025-04-09T20:49:41","modified_gmt":"2025-04-09T20:49:41","slug":"deces-tragique-de-john-ngu-mokom-directeur-general-de-standard-chartered-bank-cote-divoire-sa","status":"publish","type":"post","link":"http:\/\/www.infoline.ci\/?p=16008","title":{"rendered":"D\u00e9c\u00e8s tragique de John Ngu Mokom, Directeur G\u00e9n\u00e9ral de Standard Chartered Bank C\u00f4te d\u2019Ivoire SA"},"content":{"rendered":"\n<p>Abidjan, C\u00f4te d\u2019Ivoire \u2013 Le monde bancaire est en deuil suite \u00e0 la disparition tragique de John Ngu Mokom, Directeur G\u00e9n\u00e9ral de Standard Chartered Bank C\u00f4te d\u2019Ivoire SA. <\/p>\n\n\n\n<p>Ce mercredi 9 avril 2025, le dirigeant a \u00e9t\u00e9 retrouv\u00e9 sans vie dans son appartement situ\u00e9 \u00e0 la r\u00e9sidence ATA, dans des circonstances encore troubles.<\/p>\n\n\n\n<p>Selon les premi\u00e8res informations, aucun signe d\u2019effraction n\u2019a \u00e9t\u00e9 relev\u00e9 sur les lieux. <\/p>\n\n\n\n<p>Cependant, plusieurs objets personnels, notamment son ordinateur portable, son t\u00e9l\u00e9phone et sa voiture, ont disparu, laissant pr\u00e9sager un acte pr\u00e9m\u00e9dit\u00e9 ou une tentative d\u2019effacement de preuves. <\/p>\n\n\n\n<p>Les autorit\u00e9s locales ont ouvert une enqu\u00eate approfondie pour \u00e9lucider les circonstances de ce drame.<\/p>\n\n\n\n<p>Originaire du Cameroun, John Mokom avait pris les r\u00eanes de la filiale ivoirienne de Standard Chartered Bank en octobre 2021. <\/p>\n\n\n\n<p>Reconnu pour son expertise et son leadership, il avait auparavant occup\u00e9 des postes cl\u00e9s au sein de la banque, notamment en tant que Directeur Financier au Cameroun et en C\u00f4te d\u2019Ivoire.<\/p>\n\n\n\n<p> Sa carri\u00e8re exemplaire, marqu\u00e9e par une rigueur professionnelle et un engagement sans faille, avait fait de lui une figure respect\u00e9e dans le secteur bancaire.John Mokom vivait seul \u00e0 Abidjan, tandis que sa famille r\u00e9side au Canada.<\/p>\n\n\n\n<p> Sa disparition soudaine a plong\u00e9 ses proches, ses coll\u00e8gues et la communaut\u00e9 financi\u00e8re dans une profonde tristesse.<\/p>\n\n\n\n<p> Standard Chartered Bank n\u2019a pas encore publi\u00e9 de communiqu\u00e9 officiel, mais la maison-m\u00e8re bas\u00e9e au Royaume-Uni suit de pr\u00e8s l\u2019\u00e9volution de la situation.<\/p>\n\n\n\n<p>Les enqu\u00eateurs explorent toutes les pistes possibles, allant d\u2019un acte criminel \u00e0 des hypoth\u00e8ses plus personnelles. <\/p>\n\n\n\n<p>En attendant les r\u00e9sultats de l\u2019enqu\u00eate, la communaut\u00e9 bancaire rend hommage \u00e0 un homme dont le parcours et les valeurs humaines resteront grav\u00e9s dans les m\u00e9moires.<\/p>\n\n\n\n<p>Carlos All\u00e9luia<\/p>\n","protected":false},"excerpt":{"rendered":"<p>Abidjan, C\u00f4te d\u2019Ivoire \u2013 Le monde bancaire est en deuil suite \u00e0 la disparition tragique de John Ngu Mokom, Directeur G\u00e9n\u00e9ral de Standard Chartered Bank C\u00f4te d\u2019Ivoire SA. Ce mercredi 9 avril 2025, le dirigeant a \u00e9t\u00e9 retrouv\u00e9 sans vie dans son appartement situ\u00e9 \u00e0 la r\u00e9sidence ATA, dans des circonstances encore troubles. Selon les [&hellip;]<\/p>\n","protected":false},"author":2,"featured_media":16009,"comment_status":"open","ping_status":"open","sticky":false,"template":"","format":"standard","meta":{"footnotes":""},"categories":[21,22],"tags":[],"class_list":["post-16008","post","type-post","status-publish","format-standard","has-post-thumbnail","hentry","category-economie","category-faits-divers"],"_links":{"self":[{"href":"http:\/\/www.infoline.ci\/index.php?rest_route=\/wp\/v2\/posts\/16008","targetHints":{"allow":["GET"]}}],"collection":[{"href":"http:\/\/www.infoline.ci\/index.php?rest_route=\/wp\/v2\/posts"}],"about":[{"href":"http:\/\/www.infoline.ci\/index.php?rest_route=\/wp\/v2\/types\/post"}],"author":[{"embeddable":true,"href":"http:\/\/www.infoline.ci\/index.php?rest_route=\/wp\/v2\/users\/2"}],"replies":[{"embeddable":true,"href":"http:\/\/www.infoline.ci\/index.php?rest_route=%2Fwp%2Fv2%2Fcomments&post=16008"}],"version-history":[{"count":1,"href":"http:\/\/www.infoline.ci\/index.php?rest_route=\/wp\/v2\/posts\/16008\/revisions"}],"predecessor-version":[{"id":16010,"href":"http:\/\/www.infoline.ci\/index.php?rest_route=\/wp\/v2\/posts\/16008\/revisions\/16010"}],"wp:featuredmedia":[{"embeddable":true,"href":"http:\/\/www.infoline.ci\/index.php?rest_route=\/wp\/v2\/media\/16009"}],"wp:attachment":[{"href":"http:\/\/www.infoline.ci\/index.php?rest_route=%2Fwp%2Fv2%2Fmedia&parent=16008"}],"wp:term":[{"taxonomy":"category","embeddable":true,"href":"http:\/\/www.infoline.ci\/index.php?rest_route=%2Fwp%2Fv2%2Fcategories&post=16008"},{"taxonomy":"post_tag","embeddable":true,"href":"http:\/\/www.infoline.ci\/index.php?rest_route=%2Fwp%2Fv2%2Ftags&post=16008"}],"curies":[{"name":"wp","href":"https:\/\/api.w.org\/{rel}","templated":true}]}}