{"id":14520,"date":"2024-12-07T06:28:00","date_gmt":"2024-12-07T06:28:00","guid":{"rendered":"https:\/\/www.infoline.ci\/?p=14520"},"modified":"2024-12-07T06:37:58","modified_gmt":"2024-12-07T06:37:58","slug":"tragedie-sur-laxe-daloa-issia-26-morts-dans-un-accident-de-la-circulation","status":"publish","type":"post","link":"http:\/\/www.infoline.ci\/?p=14520","title":{"rendered":"Trag\u00e9die sur l&rsquo;axe Daloa-Issia : 26 morts dans un accident de la circulation"},"content":{"rendered":"\n<p>Issia, 06 d\u00e9cembre 2024 \u2013 Un accident de la circulation mortel s&rsquo;est produit ce vendredi 6 d\u00e9cembre 2024 aux environs de 13 heures sur l&rsquo;axe Daloa-Issia, dans le village de Brokoua, situ\u00e9 \u00e0 une dizaine de kilom\u00e8tres d&rsquo;Issia.<\/p>\n\n\n\n<p>L&rsquo;accident, impliquant deux minicars de transport en commun, un Mercedes Vario et un Mercedes Massa, a fait 26 morts, dont 10 calcin\u00e9s, et 28 bless\u00e9s \u00e9vacu\u00e9s \u00e0 l&rsquo;H\u00f4pital G\u00e9n\u00e9ral d&rsquo;Issia. Selon les t\u00e9moins, l&rsquo;accident a \u00e9t\u00e9 caus\u00e9 par l&rsquo;\u00e9clatement d&rsquo;un pneu sur l&rsquo;un des v\u00e9hicules, entra\u00eenant une collision violente et un incendie qui a partiellement calcin\u00e9 les engins impliqu\u00e9s2.<\/p>\n\n\n\n<p>Le Ministre des Transports a exprim\u00e9 ses sinc\u00e8res condol\u00e9ances aux familles des victimes et a ordonn\u00e9 une enqu\u00eate pour d\u00e9terminer les circonstances exactes de cet accident. Les pompiers civils ont r\u00e9ussi \u00e0 extraire 33 victimes et \u00e0 les \u00e9vacuer vers l&rsquo;h\u00f4pital le plus proche2.<\/p>\n\n\n\n<p>Ce drame survient moins d&rsquo;un mois apr\u00e8s un autre accident sur la m\u00eame route, qui avait d\u00e9j\u00e0 fait 23 morts et plusieurs bless\u00e9s. La communaut\u00e9 locale et les autorit\u00e9s appellent \u00e0 une meilleure s\u00e9curit\u00e9 routi\u00e8re et \u00e0 des mesures pr\u00e9ventives pour \u00e9viter de tels incidents \u00e0 l&rsquo;avenir.<\/p>\n\n\n\n<p>Carlos All\u00e9luia<\/p>\n\n\n\n<figure class=\"wp-block-gallery has-nested-images columns-default is-cropped wp-block-gallery-1 is-layout-flex wp-block-gallery-is-layout-flex\">\n<figure class=\"wp-block-image size-large\"><img loading=\"lazy\" decoding=\"async\" width=\"720\" height=\"539\" data-id=\"14523\" src=\"https:\/\/www.infoline.ci\/wp-content\/uploads\/2024\/12\/issi.jpg\" alt=\"\" class=\"wp-image-14523\" srcset=\"http:\/\/www.infoline.ci\/wp-content\/uploads\/2024\/12\/issi.jpg 720w, http:\/\/www.infoline.ci\/wp-content\/uploads\/2024\/12\/issi-300x225.jpg 300w, http:\/\/www.infoline.ci\/wp-content\/uploads\/2024\/12\/issi-80x60.jpg 80w, http:\/\/www.infoline.ci\/wp-content\/uploads\/2024\/12\/issi-265x198.jpg 265w, http:\/\/www.infoline.ci\/wp-content\/uploads\/2024\/12\/issi-696x521.jpg 696w, http:\/\/www.infoline.ci\/wp-content\/uploads\/2024\/12\/issi-561x420.jpg 561w\" sizes=\"auto, (max-width: 720px) 100vw, 720px\" \/><\/figure>\n<\/figure>\n\n\n\n<p><\/p>\n","protected":false},"excerpt":{"rendered":"<p>Issia, 06 d\u00e9cembre 2024 \u2013 Un accident de la circulation mortel s&rsquo;est produit ce vendredi 6 d\u00e9cembre 2024 aux environs de 13 heures sur l&rsquo;axe Daloa-Issia, dans le village de Brokoua, situ\u00e9 \u00e0 une dizaine de kilom\u00e8tres d&rsquo;Issia. L&rsquo;accident, impliquant deux minicars de transport en commun, un Mercedes Vario et un Mercedes Massa, a fait [&hellip;]<\/p>\n","protected":false},"author":2,"featured_media":14521,"comment_status":"open","ping_status":"open","sticky":false,"template":"","format":"standard","meta":{"footnotes":""},"categories":[22],"tags":[],"class_list":["post-14520","post","type-post","status-publish","format-standard","has-post-thumbnail","hentry","category-faits-divers"],"_links":{"self":[{"href":"http:\/\/www.infoline.ci\/index.php?rest_route=\/wp\/v2\/posts\/14520","targetHints":{"allow":["GET"]}}],"collection":[{"href":"http:\/\/www.infoline.ci\/index.php?rest_route=\/wp\/v2\/posts"}],"about":[{"href":"http:\/\/www.infoline.ci\/index.php?rest_route=\/wp\/v2\/types\/post"}],"author":[{"embeddable":true,"href":"http:\/\/www.infoline.ci\/index.php?rest_route=\/wp\/v2\/users\/2"}],"replies":[{"embeddable":true,"href":"http:\/\/www.infoline.ci\/index.php?rest_route=%2Fwp%2Fv2%2Fcomments&post=14520"}],"version-history":[{"count":2,"href":"http:\/\/www.infoline.ci\/index.php?rest_route=\/wp\/v2\/posts\/14520\/revisions"}],"predecessor-version":[{"id":14525,"href":"http:\/\/www.infoline.ci\/index.php?rest_route=\/wp\/v2\/posts\/14520\/revisions\/14525"}],"wp:featuredmedia":[{"embeddable":true,"href":"http:\/\/www.infoline.ci\/index.php?rest_route=\/wp\/v2\/media\/14521"}],"wp:attachment":[{"href":"http:\/\/www.infoline.ci\/index.php?rest_route=%2Fwp%2Fv2%2Fmedia&parent=14520"}],"wp:term":[{"taxonomy":"category","embeddable":true,"href":"http:\/\/www.infoline.ci\/index.php?rest_route=%2Fwp%2Fv2%2Fcategories&post=14520"},{"taxonomy":"post_tag","embeddable":true,"href":"http:\/\/www.infoline.ci\/index.php?rest_route=%2Fwp%2Fv2%2Ftags&post=14520"}],"curies":[{"name":"wp","href":"https:\/\/api.w.org\/{rel}","templated":true}]}}