{"id":13218,"date":"2024-09-05T10:35:15","date_gmt":"2024-09-05T10:35:15","guid":{"rendered":"http:\/\/www.infoline.ci\/?p=13218"},"modified":"2024-09-05T10:35:16","modified_gmt":"2024-09-05T10:35:16","slug":"le-football-ivoirien-en-deuil-lex-president-de-la-ligue-professionnelle-a-tire-sa-reverence","status":"publish","type":"post","link":"http:\/\/www.infoline.ci\/?p=13218","title":{"rendered":"Le football ivoirien en deuil : l&rsquo;ex- pr\u00e9sident de la ligue professionnelle a tir\u00e9 sa r\u00e9v\u00e9rence"},"content":{"rendered":"\n<figure class=\"wp-block-gallery columns-1 is-cropped wp-block-gallery-1 is-layout-flex wp-block-gallery-is-layout-flex\"><ul class=\"blocks-gallery-grid\"><li class=\"blocks-gallery-item\"><figure><img loading=\"lazy\" decoding=\"async\" width=\"707\" height=\"1000\" src=\"http:\/\/www.infoline.ci\/wp-content\/uploads\/2024\/09\/IMG-20240905-WA0011.jpg\" alt=\"\" data-id=\"13220\" data-full-url=\"http:\/\/www.infoline.ci\/wp-content\/uploads\/2024\/09\/IMG-20240905-WA0011.jpg\" data-link=\"http:\/\/www.infoline.ci\/?attachment_id=13220\" class=\"wp-image-13220\" srcset=\"http:\/\/www.infoline.ci\/wp-content\/uploads\/2024\/09\/IMG-20240905-WA0011.jpg 707w, http:\/\/www.infoline.ci\/wp-content\/uploads\/2024\/09\/IMG-20240905-WA0011-212x300.jpg 212w, http:\/\/www.infoline.ci\/wp-content\/uploads\/2024\/09\/IMG-20240905-WA0011-696x984.jpg 696w, http:\/\/www.infoline.ci\/wp-content\/uploads\/2024\/09\/IMG-20240905-WA0011-297x420.jpg 297w\" sizes=\"auto, (max-width: 707px) 100vw, 707px\" \/><\/figure><\/li><\/ul><\/figure>\n","protected":false},"excerpt":{"rendered":"","protected":false},"author":2,"featured_media":13219,"comment_status":"open","ping_status":"open","sticky":false,"template":"","format":"standard","meta":{"footnotes":""},"categories":[28,25],"tags":[],"class_list":["post-13218","post","type-post","status-publish","format-standard","has-post-thumbnail","hentry","category-football","category-sports"],"_links":{"self":[{"href":"http:\/\/www.infoline.ci\/index.php?rest_route=\/wp\/v2\/posts\/13218","targetHints":{"allow":["GET"]}}],"collection":[{"href":"http:\/\/www.infoline.ci\/index.php?rest_route=\/wp\/v2\/posts"}],"about":[{"href":"http:\/\/www.infoline.ci\/index.php?rest_route=\/wp\/v2\/types\/post"}],"author":[{"embeddable":true,"href":"http:\/\/www.infoline.ci\/index.php?rest_route=\/wp\/v2\/users\/2"}],"replies":[{"embeddable":true,"href":"http:\/\/www.infoline.ci\/index.php?rest_route=%2Fwp%2Fv2%2Fcomments&post=13218"}],"version-history":[{"count":1,"href":"http:\/\/www.infoline.ci\/index.php?rest_route=\/wp\/v2\/posts\/13218\/revisions"}],"predecessor-version":[{"id":13221,"href":"http:\/\/www.infoline.ci\/index.php?rest_route=\/wp\/v2\/posts\/13218\/revisions\/13221"}],"wp:featuredmedia":[{"embeddable":true,"href":"http:\/\/www.infoline.ci\/index.php?rest_route=\/wp\/v2\/media\/13219"}],"wp:attachment":[{"href":"http:\/\/www.infoline.ci\/index.php?rest_route=%2Fwp%2Fv2%2Fmedia&parent=13218"}],"wp:term":[{"taxonomy":"category","embeddable":true,"href":"http:\/\/www.infoline.ci\/index.php?rest_route=%2Fwp%2Fv2%2Fcategories&post=13218"},{"taxonomy":"post_tag","embeddable":true,"href":"http:\/\/www.infoline.ci\/index.php?rest_route=%2Fwp%2Fv2%2Ftags&post=13218"}],"curies":[{"name":"wp","href":"https:\/\/api.w.org\/{rel}","templated":true}]}}