{"id":11733,"date":"2023-06-07T11:57:42","date_gmt":"2023-06-07T11:57:42","guid":{"rendered":"https:\/\/www.infoline.ci\/?p=11733"},"modified":"2023-06-07T11:57:42","modified_gmt":"2023-06-07T11:57:42","slug":"secoue-par-une-vague-de-violence-le-senegal-annonce-la-fermeture-temporaire-de-ses-consulats-a-letranger","status":"publish","type":"post","link":"http:\/\/www.infoline.ci\/?p=11733","title":{"rendered":"Secou\u00e9 par une vague de violence : le S\u00e9n\u00e9gal annonce la fermeture temporaire de ses consulats \u00e0 l&rsquo;\u00e9tranger"},"content":{"rendered":"<p>Le gouvernement s\u00e9n\u00e9galais a annonc\u00e9 mardi fermer provisoirement ses consulats g\u00e9n\u00e9raux \u00e0 l&rsquo;\u00e9tranger \u00e0 la suite d&rsquo;attaques contre un certain nombre d&rsquo;entre eux. \u00ab\u00a0Cette mesure conservatoire fait suite \u00e0 la s\u00e9rie d&rsquo;agressions r\u00e9cemment perp\u00e9tr\u00e9es contre les missions diplomatiques et consulaires du S\u00e9n\u00e9gal \u00e0 l&rsquo;\u00e9tranger, notamment \u00e0 Paris, Bordeaux (France), Milan (Italie) et New York\u00a0\u00bb, a indiqu\u00e9 le minist\u00e8re des Affaires \u00e9trang\u00e8res dans un communiqu\u00e9 publi\u00e9 sur les r\u00e9seaux sociaux.  Il fait \u00e9tat de s\u00e9rieux dommages, notamment \u00e0 Milan o\u00f9 les machines de production des passeports et cartes d&rsquo;identit\u00e9 ont \u00e9t\u00e9 selon lui d\u00e9truites.  Le gouvernement pr\u00e9cise que les consulats rouvriront quand les conditions mat\u00e9rielles et s\u00e9curitaires le permettront<br \/>\nRappelons que la condamnation de l&rsquo;opposant Ousmane Sonko \u00e0 deux ans de prison ferme a engendr\u00e9 des violences qui ont fait seize morts, selon un dernier bilan.<br \/>\n Carlos All\u00e9luia<\/p>\n","protected":false},"excerpt":{"rendered":"<p>Le gouvernement s\u00e9n\u00e9galais a annonc\u00e9 mardi fermer provisoirement ses consulats g\u00e9n\u00e9raux \u00e0 l&rsquo;\u00e9tranger \u00e0 la suite d&rsquo;attaques contre un certain nombre d&rsquo;entre eux. \u00ab\u00a0Cette mesure conservatoire fait suite \u00e0 la s\u00e9rie d&rsquo;agressions r\u00e9cemment perp\u00e9tr\u00e9es contre les missions diplomatiques et consulaires du S\u00e9n\u00e9gal \u00e0 l&rsquo;\u00e9tranger, notamment \u00e0 Paris, Bordeaux (France), Milan (Italie) et New York\u00a0\u00bb, a [&hellip;]<\/p>\n","protected":false},"author":2,"featured_media":11734,"comment_status":"open","ping_status":"open","sticky":false,"template":"","format":"standard","meta":{"footnotes":""},"categories":[31],"tags":[],"class_list":["post-11733","post","type-post","status-publish","format-standard","has-post-thumbnail","hentry","category-internationale"],"_links":{"self":[{"href":"http:\/\/www.infoline.ci\/index.php?rest_route=\/wp\/v2\/posts\/11733","targetHints":{"allow":["GET"]}}],"collection":[{"href":"http:\/\/www.infoline.ci\/index.php?rest_route=\/wp\/v2\/posts"}],"about":[{"href":"http:\/\/www.infoline.ci\/index.php?rest_route=\/wp\/v2\/types\/post"}],"author":[{"embeddable":true,"href":"http:\/\/www.infoline.ci\/index.php?rest_route=\/wp\/v2\/users\/2"}],"replies":[{"embeddable":true,"href":"http:\/\/www.infoline.ci\/index.php?rest_route=%2Fwp%2Fv2%2Fcomments&post=11733"}],"version-history":[{"count":1,"href":"http:\/\/www.infoline.ci\/index.php?rest_route=\/wp\/v2\/posts\/11733\/revisions"}],"predecessor-version":[{"id":11735,"href":"http:\/\/www.infoline.ci\/index.php?rest_route=\/wp\/v2\/posts\/11733\/revisions\/11735"}],"wp:featuredmedia":[{"embeddable":true,"href":"http:\/\/www.infoline.ci\/index.php?rest_route=\/wp\/v2\/media\/11734"}],"wp:attachment":[{"href":"http:\/\/www.infoline.ci\/index.php?rest_route=%2Fwp%2Fv2%2Fmedia&parent=11733"}],"wp:term":[{"taxonomy":"category","embeddable":true,"href":"http:\/\/www.infoline.ci\/index.php?rest_route=%2Fwp%2Fv2%2Fcategories&post=11733"},{"taxonomy":"post_tag","embeddable":true,"href":"http:\/\/www.infoline.ci\/index.php?rest_route=%2Fwp%2Fv2%2Ftags&post=11733"}],"curies":[{"name":"wp","href":"https:\/\/api.w.org\/{rel}","templated":true}]}}